{"id":4843,"date":"2025-03-10T08:25:00","date_gmt":"2025-03-10T06:25:00","guid":{"rendered":"https:\/\/www.showlinkshow.fi\/?p=4843"},"modified":"2025-03-10T10:27:57","modified_gmt":"2025-03-10T08:27:57","slug":"uudistunut-omakoira-palvelu-aukeaa-10-3","status":"publish","type":"post","link":"https:\/\/www.showlinkshow.fi\/?p=4843","title":{"rendered":"Uudistunut Omakoira-palvelu aukeaa 10.3."},"content":{"rendered":"<div class=\"post-content\">\n<h3 class=\"wp-block-heading\"><\/h3>\n\n\n\n<p class=\"wp-block-paragraph\"><strong>Maanantaina 10.3. <\/strong>avautuu Kennelliiton uudistunut Omakoira-palvelu, jossa yhdistyy kolme suurta tietoj\u00e4rjestelm\u00e4\u00e4: Omakoira, Kennelliiton koirarekisteri ja j\u00e4senrekisteri. <\/p>\n\n\n\n<p class=\"wp-block-paragraph\">Uuden Omakoira-palvelun k\u00e4ytt\u00f6\u00f6noton ja asennusty\u00f6n aikana aamulla 10.3. kaikki Kennelliiton tietoj\u00e4rjestelm\u00e4t ovat pois k\u00e4yt\u00f6st\u00e4. Palvelukatkos alkaa aamulla kello 05 ja sen oletetaan p\u00e4\u00e4ttyv\u00e4n aamup\u00e4iv\u00e4ll\u00e4 kello 10 menness\u00e4. Katkos vaikuttaa my\u00f6s n\u00e4yttelyiden ilmoittautumissivustoon sek\u00e4 n\u00e4yttelyj\u00e4rjestelm\u00e4\u00e4n.<\/p>\n\n\n\n<p class=\"wp-block-paragraph\"><\/p>\n\n\n\n<p class=\"wp-block-paragraph\"><strong><a href=\"https:\/\/www.kennelliitto.fi\/tietoa-meista\/uutiset\/uudistunut-omakoira-palvelu-aukeaa-ensi-maanantaina\">Lue lis\u00e4tietoja Kennelliiton kotisivuilta<\/a><\/strong><\/p>\n<\/div>","protected":false},"excerpt":{"rendered":"<p>Maanantaina 10.3. avautuu Kennelliiton uudistunut Omakoira-palvelu, jossa yhdistyy kolme suurta<\/p>\n","protected":false},"author":1,"featured_media":2887,"comment_status":"closed","ping_status":"closed","sticky":false,"template":"","format":"standard","meta":{"_monsterinsights_skip_tracking":false,"_uf_show_specific_survey":0,"_uf_disable_surveys":false,"footnotes":""},"categories":[259,265,1],"tags":[255,256],"class_list":["post-4843","post","type-post","status-publish","format-standard","has-post-thumbnail","hentry","category-nayttelyt","category-viikko","category-yleinen","tag-ajankohtaista","tag-nayttelyt"],"aioseo_notices":[],"aioseo_head":"\n\t\t<!-- All in One SEO 5.0.0.1 - aioseo.com -->\n\t<meta name=\"description\" content=\"Maanantaina 10.3. avautuu Kennelliiton uudistunut Omakoira-palvelu, jossa yhdistyy kolme suurta tietoj\u00e4rjestelm\u00e4\u00e4: Omakoira, Kennelliiton koirarekisteri ja j\u00e4senrekisteri. Uuden Omakoira-palvelun k\u00e4ytt\u00f6\u00f6noton ja asennusty\u00f6n aikana aamulla 10.3. kaikki Kennelliiton tietoj\u00e4rjestelm\u00e4t ovat pois k\u00e4yt\u00f6st\u00e4. Palvelukatkos alkaa aamulla kello 05 ja sen oletetaan p\u00e4\u00e4ttyv\u00e4n aamup\u00e4iv\u00e4ll\u00e4 kello 10 menness\u00e4. Katkos vaikuttaa my\u00f6s n\u00e4yttelyiden ilmoittautumissivustoon sek\u00e4 n\u00e4yttelyj\u00e4rjestelm\u00e4\u00e4n. Lue lis\u00e4tietoja Kennelliiton kotisivuilta\" \/>\n\t<meta name=\"robots\" content=\"max-image-preview:large\" \/>\n\t<meta name=\"author\" content=\"Showlink\"\/>\n\t<link rel=\"canonical\" href=\"https:\/\/www.showlinkshow.fi\/?p=4843\" \/>\n\t<meta name=\"generator\" content=\"All in One SEO (AIOSEO) 5.0.0.1\" \/>\n\t\t<meta property=\"og:locale\" content=\"fi_FI\" \/>\n\t\t<meta property=\"og:site_name\" content=\"Showlink - Showlink Oy - ammattitaitoiset koiran\u00e4yttelypalvelut\" \/>\n\t\t<meta property=\"og:type\" content=\"article\" \/>\n\t\t<meta property=\"og:title\" content=\"Uudistunut Omakoira-palvelu aukeaa 10.3. - Showlink\" \/>\n\t\t<meta property=\"og:description\" content=\"Maanantaina 10.3. avautuu Kennelliiton uudistunut Omakoira-palvelu, jossa yhdistyy kolme suurta tietoj\u00e4rjestelm\u00e4\u00e4: Omakoira, Kennelliiton koirarekisteri ja j\u00e4senrekisteri. Uuden Omakoira-palvelun k\u00e4ytt\u00f6\u00f6noton ja asennusty\u00f6n aikana aamulla 10.3. kaikki Kennelliiton tietoj\u00e4rjestelm\u00e4t ovat pois k\u00e4yt\u00f6st\u00e4. Palvelukatkos alkaa aamulla kello 05 ja sen oletetaan p\u00e4\u00e4ttyv\u00e4n aamup\u00e4iv\u00e4ll\u00e4 kello 10 menness\u00e4. Katkos vaikuttaa my\u00f6s n\u00e4yttelyiden ilmoittautumissivustoon sek\u00e4 n\u00e4yttelyj\u00e4rjestelm\u00e4\u00e4n. Lue lis\u00e4tietoja Kennelliiton kotisivuilta\" \/>\n\t\t<meta property=\"og:url\" content=\"https:\/\/www.showlinkshow.fi\/?p=4843\" \/>\n\t\t<meta property=\"article:published_time\" content=\"2025-03-10T06:25:00+00:00\" \/>\n\t\t<meta property=\"article:modified_time\" content=\"2025-03-10T08:27:57+00:00\" \/>\n\t\t<meta name=\"twitter:card\" content=\"summary_large_image\" \/>\n\t\t<meta name=\"twitter:title\" content=\"Uudistunut Omakoira-palvelu aukeaa 10.3. - Showlink\" \/>\n\t\t<meta name=\"twitter:description\" content=\"Maanantaina 10.3. avautuu Kennelliiton uudistunut Omakoira-palvelu, jossa yhdistyy kolme suurta tietoj\u00e4rjestelm\u00e4\u00e4: Omakoira, Kennelliiton koirarekisteri ja j\u00e4senrekisteri. Uuden Omakoira-palvelun k\u00e4ytt\u00f6\u00f6noton ja asennusty\u00f6n aikana aamulla 10.3. kaikki Kennelliiton tietoj\u00e4rjestelm\u00e4t ovat pois k\u00e4yt\u00f6st\u00e4. Palvelukatkos alkaa aamulla kello 05 ja sen oletetaan p\u00e4\u00e4ttyv\u00e4n aamup\u00e4iv\u00e4ll\u00e4 kello 10 menness\u00e4. Katkos vaikuttaa my\u00f6s n\u00e4yttelyiden ilmoittautumissivustoon sek\u00e4 n\u00e4yttelyj\u00e4rjestelm\u00e4\u00e4n. Lue lis\u00e4tietoja Kennelliiton kotisivuilta\" \/>\n\t\t<script type=\"application\/ld+json\" class=\"aioseo-schema\">\n\t\t\t{\"@context\":\"https:\\\/\\\/schema.org\",\"@graph\":[{\"@type\":\"BlogPosting\",\"@id\":\"https:\\\/\\\/www.showlinkshow.fi\\\/?p=4843#blogposting\",\"name\":\"Uudistunut Omakoira-palvelu aukeaa 10.3. - Showlink\",\"headline\":\"Uudistunut Omakoira-palvelu aukeaa 10.3.\",\"author\":{\"@id\":\"https:\\\/\\\/www.showlinkshow.fi\\\/?author=1#author\"},\"publisher\":{\"@id\":\"https:\\\/\\\/www.showlinkshow.fi\\\/#organization\"},\"image\":{\"@type\":\"ImageObject\",\"url\":\"https:\\\/\\\/www.showlinkshow.fi\\\/wp-content\\\/uploads\\\/2019\\\/10\\\/tiedote.png\",\"width\":145,\"height\":145},\"datePublished\":\"2025-03-10T08:25:00+02:00\",\"dateModified\":\"2025-03-10T10:27:57+02:00\",\"inLanguage\":\"fi\",\"mainEntityOfPage\":{\"@id\":\"https:\\\/\\\/www.showlinkshow.fi\\\/?p=4843#webpage\"},\"isPartOf\":{\"@id\":\"https:\\\/\\\/www.showlinkshow.fi\\\/?p=4843#webpage\"},\"articleSection\":\"N\\u00e4yttelyt, viikko, Yleinen, ajankohtaista, nayttelyt\"},{\"@type\":\"BreadcrumbList\",\"@id\":\"https:\\\/\\\/www.showlinkshow.fi\\\/?p=4843#breadcrumblist\",\"itemListElement\":[{\"@type\":\"ListItem\",\"@id\":\"https:\\\/\\\/www.showlinkshow.fi#listItem\",\"position\":1,\"name\":\"Home\",\"item\":\"https:\\\/\\\/www.showlinkshow.fi\",\"nextItem\":{\"@type\":\"ListItem\",\"@id\":\"https:\\\/\\\/www.showlinkshow.fi\\\/?cat=1#listItem\",\"name\":\"Yleinen\"}},{\"@type\":\"ListItem\",\"@id\":\"https:\\\/\\\/www.showlinkshow.fi\\\/?cat=1#listItem\",\"position\":2,\"name\":\"Yleinen\",\"item\":\"https:\\\/\\\/www.showlinkshow.fi\\\/?cat=1\",\"nextItem\":{\"@type\":\"ListItem\",\"@id\":\"https:\\\/\\\/www.showlinkshow.fi\\\/?p=4843#listItem\",\"name\":\"Uudistunut Omakoira-palvelu aukeaa 10.3.\"},\"previousItem\":{\"@type\":\"ListItem\",\"@id\":\"https:\\\/\\\/www.showlinkshow.fi#listItem\",\"name\":\"Home\"}},{\"@type\":\"ListItem\",\"@id\":\"https:\\\/\\\/www.showlinkshow.fi\\\/?p=4843#listItem\",\"position\":3,\"name\":\"Uudistunut Omakoira-palvelu aukeaa 10.3.\",\"previousItem\":{\"@type\":\"ListItem\",\"@id\":\"https:\\\/\\\/www.showlinkshow.fi\\\/?cat=1#listItem\",\"name\":\"Yleinen\"}}]},{\"@type\":\"Organization\",\"@id\":\"https:\\\/\\\/www.showlinkshow.fi\\\/#organization\",\"name\":\"Showlink\",\"description\":\"Showlink Oy - ammattitaitoiset koiran\\u00e4yttelypalvelut\",\"url\":\"https:\\\/\\\/www.showlinkshow.fi\\\/\"},{\"@type\":\"Person\",\"@id\":\"https:\\\/\\\/www.showlinkshow.fi\\\/?author=1#author\",\"url\":\"https:\\\/\\\/www.showlinkshow.fi\\\/?author=1\",\"name\":\"Showlink\"},{\"@type\":\"WebPage\",\"@id\":\"https:\\\/\\\/www.showlinkshow.fi\\\/?p=4843#webpage\",\"url\":\"https:\\\/\\\/www.showlinkshow.fi\\\/?p=4843\",\"name\":\"Uudistunut Omakoira-palvelu aukeaa 10.3. - Showlink\",\"description\":\"Maanantaina 10.3. avautuu Kennelliiton uudistunut Omakoira-palvelu, jossa yhdistyy kolme suurta tietoj\\u00e4rjestelm\\u00e4\\u00e4: Omakoira, Kennelliiton koirarekisteri ja j\\u00e4senrekisteri. Uuden Omakoira-palvelun k\\u00e4ytt\\u00f6\\u00f6noton ja asennusty\\u00f6n aikana aamulla 10.3. kaikki Kennelliiton tietoj\\u00e4rjestelm\\u00e4t ovat pois k\\u00e4yt\\u00f6st\\u00e4. Palvelukatkos alkaa aamulla kello 05 ja sen oletetaan p\\u00e4\\u00e4ttyv\\u00e4n aamup\\u00e4iv\\u00e4ll\\u00e4 kello 10 menness\\u00e4. Katkos vaikuttaa my\\u00f6s n\\u00e4yttelyiden ilmoittautumissivustoon sek\\u00e4 n\\u00e4yttelyj\\u00e4rjestelm\\u00e4\\u00e4n. Lue lis\\u00e4tietoja Kennelliiton kotisivuilta\",\"inLanguage\":\"fi\",\"isPartOf\":{\"@id\":\"https:\\\/\\\/www.showlinkshow.fi\\\/#website\"},\"breadcrumb\":{\"@id\":\"https:\\\/\\\/www.showlinkshow.fi\\\/?p=4843#breadcrumblist\"},\"author\":{\"@id\":\"https:\\\/\\\/www.showlinkshow.fi\\\/?author=1#author\"},\"creator\":{\"@id\":\"https:\\\/\\\/www.showlinkshow.fi\\\/?author=1#author\"},\"image\":{\"@type\":\"ImageObject\",\"url\":\"https:\\\/\\\/www.showlinkshow.fi\\\/wp-content\\\/uploads\\\/2019\\\/10\\\/tiedote.png\",\"@id\":\"https:\\\/\\\/www.showlinkshow.fi\\\/?p=4843\\\/#mainImage\",\"width\":145,\"height\":145},\"primaryImageOfPage\":{\"@id\":\"https:\\\/\\\/www.showlinkshow.fi\\\/?p=4843#mainImage\"},\"datePublished\":\"2025-03-10T08:25:00+02:00\",\"dateModified\":\"2025-03-10T10:27:57+02:00\"},{\"@type\":\"WebSite\",\"@id\":\"https:\\\/\\\/www.showlinkshow.fi\\\/#website\",\"url\":\"https:\\\/\\\/www.showlinkshow.fi\\\/\",\"name\":\"Showlink\",\"description\":\"Showlink Oy - ammattitaitoiset koiran\\u00e4yttelypalvelut\",\"inLanguage\":\"fi\",\"publisher\":{\"@id\":\"https:\\\/\\\/www.showlinkshow.fi\\\/#organization\"}}]}\n\t\t<\/script>\n\t\t<!-- All in One SEO -->\n\n","aioseo_head_json":{"title":"Uudistunut Omakoira-palvelu aukeaa 10.3. - Showlink","description":"Maanantaina 10.3. avautuu Kennelliiton uudistunut Omakoira-palvelu, jossa yhdistyy kolme suurta tietoj\u00e4rjestelm\u00e4\u00e4: Omakoira, Kennelliiton koirarekisteri ja j\u00e4senrekisteri. Uuden Omakoira-palvelun k\u00e4ytt\u00f6\u00f6noton ja asennusty\u00f6n aikana aamulla 10.3. kaikki Kennelliiton tietoj\u00e4rjestelm\u00e4t ovat pois k\u00e4yt\u00f6st\u00e4. Palvelukatkos alkaa aamulla kello 05 ja sen oletetaan p\u00e4\u00e4ttyv\u00e4n aamup\u00e4iv\u00e4ll\u00e4 kello 10 menness\u00e4. Katkos vaikuttaa my\u00f6s n\u00e4yttelyiden ilmoittautumissivustoon sek\u00e4 n\u00e4yttelyj\u00e4rjestelm\u00e4\u00e4n. Lue lis\u00e4tietoja Kennelliiton kotisivuilta","canonical_url":"https:\/\/www.showlinkshow.fi\/?p=4843","robots":"max-image-preview:large","keywords":"","webmasterTools":{"miscellaneous":""},"schema":{"@context":"https:\/\/schema.org","@graph":[{"@type":"BlogPosting","@id":"https:\/\/www.showlinkshow.fi\/?p=4843#blogposting","name":"Uudistunut Omakoira-palvelu aukeaa 10.3. - Showlink","headline":"Uudistunut Omakoira-palvelu aukeaa 10.3.","author":{"@id":"https:\/\/www.showlinkshow.fi\/?author=1#author"},"publisher":{"@id":"https:\/\/www.showlinkshow.fi\/#organization"},"image":{"@type":"ImageObject","url":"https:\/\/www.showlinkshow.fi\/wp-content\/uploads\/2019\/10\/tiedote.png","width":145,"height":145},"datePublished":"2025-03-10T08:25:00+02:00","dateModified":"2025-03-10T10:27:57+02:00","inLanguage":"fi","mainEntityOfPage":{"@id":"https:\/\/www.showlinkshow.fi\/?p=4843#webpage"},"isPartOf":{"@id":"https:\/\/www.showlinkshow.fi\/?p=4843#webpage"},"articleSection":"N\u00e4yttelyt, viikko, Yleinen, ajankohtaista, nayttelyt"},{"@type":"BreadcrumbList","@id":"https:\/\/www.showlinkshow.fi\/?p=4843#breadcrumblist","itemListElement":[{"@type":"ListItem","@id":"https:\/\/www.showlinkshow.fi#listItem","position":1,"name":"Home","item":"https:\/\/www.showlinkshow.fi","nextItem":{"@type":"ListItem","@id":"https:\/\/www.showlinkshow.fi\/?cat=1#listItem","name":"Yleinen"}},{"@type":"ListItem","@id":"https:\/\/www.showlinkshow.fi\/?cat=1#listItem","position":2,"name":"Yleinen","item":"https:\/\/www.showlinkshow.fi\/?cat=1","nextItem":{"@type":"ListItem","@id":"https:\/\/www.showlinkshow.fi\/?p=4843#listItem","name":"Uudistunut Omakoira-palvelu aukeaa 10.3."},"previousItem":{"@type":"ListItem","@id":"https:\/\/www.showlinkshow.fi#listItem","name":"Home"}},{"@type":"ListItem","@id":"https:\/\/www.showlinkshow.fi\/?p=4843#listItem","position":3,"name":"Uudistunut Omakoira-palvelu aukeaa 10.3.","previousItem":{"@type":"ListItem","@id":"https:\/\/www.showlinkshow.fi\/?cat=1#listItem","name":"Yleinen"}}]},{"@type":"Organization","@id":"https:\/\/www.showlinkshow.fi\/#organization","name":"Showlink","description":"Showlink Oy - ammattitaitoiset koiran\u00e4yttelypalvelut","url":"https:\/\/www.showlinkshow.fi\/"},{"@type":"Person","@id":"https:\/\/www.showlinkshow.fi\/?author=1#author","url":"https:\/\/www.showlinkshow.fi\/?author=1","name":"Showlink"},{"@type":"WebPage","@id":"https:\/\/www.showlinkshow.fi\/?p=4843#webpage","url":"https:\/\/www.showlinkshow.fi\/?p=4843","name":"Uudistunut Omakoira-palvelu aukeaa 10.3. - Showlink","description":"Maanantaina 10.3. avautuu Kennelliiton uudistunut Omakoira-palvelu, jossa yhdistyy kolme suurta tietoj\u00e4rjestelm\u00e4\u00e4: Omakoira, Kennelliiton koirarekisteri ja j\u00e4senrekisteri. Uuden Omakoira-palvelun k\u00e4ytt\u00f6\u00f6noton ja asennusty\u00f6n aikana aamulla 10.3. kaikki Kennelliiton tietoj\u00e4rjestelm\u00e4t ovat pois k\u00e4yt\u00f6st\u00e4. Palvelukatkos alkaa aamulla kello 05 ja sen oletetaan p\u00e4\u00e4ttyv\u00e4n aamup\u00e4iv\u00e4ll\u00e4 kello 10 menness\u00e4. Katkos vaikuttaa my\u00f6s n\u00e4yttelyiden ilmoittautumissivustoon sek\u00e4 n\u00e4yttelyj\u00e4rjestelm\u00e4\u00e4n. Lue lis\u00e4tietoja Kennelliiton kotisivuilta","inLanguage":"fi","isPartOf":{"@id":"https:\/\/www.showlinkshow.fi\/#website"},"breadcrumb":{"@id":"https:\/\/www.showlinkshow.fi\/?p=4843#breadcrumblist"},"author":{"@id":"https:\/\/www.showlinkshow.fi\/?author=1#author"},"creator":{"@id":"https:\/\/www.showlinkshow.fi\/?author=1#author"},"image":{"@type":"ImageObject","url":"https:\/\/www.showlinkshow.fi\/wp-content\/uploads\/2019\/10\/tiedote.png","@id":"https:\/\/www.showlinkshow.fi\/?p=4843\/#mainImage","width":145,"height":145},"primaryImageOfPage":{"@id":"https:\/\/www.showlinkshow.fi\/?p=4843#mainImage"},"datePublished":"2025-03-10T08:25:00+02:00","dateModified":"2025-03-10T10:27:57+02:00"},{"@type":"WebSite","@id":"https:\/\/www.showlinkshow.fi\/#website","url":"https:\/\/www.showlinkshow.fi\/","name":"Showlink","description":"Showlink Oy - ammattitaitoiset koiran\u00e4yttelypalvelut","inLanguage":"fi","publisher":{"@id":"https:\/\/www.showlinkshow.fi\/#organization"}}]},"og:locale":"fi_FI","og:site_name":"Showlink - Showlink Oy - ammattitaitoiset koiran\u00e4yttelypalvelut","og:type":"article","og:title":"Uudistunut Omakoira-palvelu aukeaa 10.3. - Showlink","og:description":"Maanantaina 10.3. avautuu Kennelliiton uudistunut Omakoira-palvelu, jossa yhdistyy kolme suurta tietoj\u00e4rjestelm\u00e4\u00e4: Omakoira, Kennelliiton koirarekisteri ja j\u00e4senrekisteri. Uuden Omakoira-palvelun k\u00e4ytt\u00f6\u00f6noton ja asennusty\u00f6n aikana aamulla 10.3. kaikki Kennelliiton tietoj\u00e4rjestelm\u00e4t ovat pois k\u00e4yt\u00f6st\u00e4. Palvelukatkos alkaa aamulla kello 05 ja sen oletetaan p\u00e4\u00e4ttyv\u00e4n aamup\u00e4iv\u00e4ll\u00e4 kello 10 menness\u00e4. Katkos vaikuttaa my\u00f6s n\u00e4yttelyiden ilmoittautumissivustoon sek\u00e4 n\u00e4yttelyj\u00e4rjestelm\u00e4\u00e4n. Lue lis\u00e4tietoja Kennelliiton kotisivuilta","og:url":"https:\/\/www.showlinkshow.fi\/?p=4843","article:published_time":"2025-03-10T06:25:00+00:00","article:modified_time":"2025-03-10T08:27:57+00:00","twitter:card":"summary_large_image","twitter:title":"Uudistunut Omakoira-palvelu aukeaa 10.3. - Showlink","twitter:description":"Maanantaina 10.3. avautuu Kennelliiton uudistunut Omakoira-palvelu, jossa yhdistyy kolme suurta tietoj\u00e4rjestelm\u00e4\u00e4: Omakoira, Kennelliiton koirarekisteri ja j\u00e4senrekisteri. Uuden Omakoira-palvelun k\u00e4ytt\u00f6\u00f6noton ja asennusty\u00f6n aikana aamulla 10.3. kaikki Kennelliiton tietoj\u00e4rjestelm\u00e4t ovat pois k\u00e4yt\u00f6st\u00e4. Palvelukatkos alkaa aamulla kello 05 ja sen oletetaan p\u00e4\u00e4ttyv\u00e4n aamup\u00e4iv\u00e4ll\u00e4 kello 10 menness\u00e4. Katkos vaikuttaa my\u00f6s n\u00e4yttelyiden ilmoittautumissivustoon sek\u00e4 n\u00e4yttelyj\u00e4rjestelm\u00e4\u00e4n. Lue lis\u00e4tietoja Kennelliiton kotisivuilta"},"aioseo_meta_data":{"post_id":"4843","title":null,"description":null,"keywords":null,"keyphrases":{"focus":{"keyphrase":"","score":0,"analysis":{"keyphraseInTitle":{"score":0,"maxScore":9,"error":1}}},"additional":[]},"primary_term":null,"canonical_url":null,"og_title":null,"og_description":null,"og_object_type":"default","og_image_type":"default","og_image_url":null,"og_image_width":null,"og_image_height":null,"og_image_custom_url":null,"og_image_custom_fields":null,"og_video":"","og_custom_url":null,"og_article_section":null,"og_article_tags":null,"twitter_use_og":false,"twitter_card":"default","twitter_image_type":"default","twitter_image_url":null,"twitter_image_custom_url":null,"twitter_image_custom_fields":null,"twitter_title":null,"twitter_description":null,"schema":{"blockGraphs":[],"customGraphs":[],"default":{"data":{"Article":[],"Course":[],"Dataset":[],"FAQPage":[],"Movie":[],"Person":[],"Product":[],"ProductReview":[],"Car":[],"Recipe":[],"Service":[],"SoftwareApplication":[],"WebPage":[]},"graphName":"BlogPosting","isEnabled":true},"graphs":[]},"schema_type":"default","schema_type_options":null,"pillar_content":false,"robots_default":true,"robots_noindex":false,"robots_noarchive":false,"robots_nosnippet":false,"robots_nofollow":false,"robots_noimageindex":false,"robots_noodp":false,"robots_notranslate":false,"robots_max_snippet":"-1","robots_max_videopreview":"-1","robots_max_imagepreview":"large","priority":null,"frequency":"default","local_seo":null,"breadcrumb_settings":null,"limit_modified_date":false,"ai":null,"created":"2025-03-10 08:27:00","updated":"2025-08-04 09:29:20","seo_analyzer_scan_date":null,"focus_keyword":null,"additional_keywords":null,"truseo_locale":null},"aioseo_breadcrumb":"<div class=\"aioseo-breadcrumbs\"><span class=\"aioseo-breadcrumb\">\n\t\t\t<a href=\"https:\/\/www.showlinkshow.fi\" title=\"Home\">Home<\/a>\n\t\t<\/span><span class=\"aioseo-breadcrumb-separator\">&raquo;<\/span><span class=\"aioseo-breadcrumb\">\n\t\t\t<a href=\"https:\/\/www.showlinkshow.fi\/?cat=1\" title=\"Yleinen\">Yleinen<\/a>\n\t\t<\/span><span class=\"aioseo-breadcrumb-separator\">&raquo;<\/span><span class=\"aioseo-breadcrumb\">\n\t\t\tUudistunut Omakoira-palvelu aukeaa 10.3.\n\t\t<\/span><\/div>","aioseo_breadcrumb_json":[{"label":"Home","link":"https:\/\/www.showlinkshow.fi"},{"label":"Yleinen","link":"https:\/\/www.showlinkshow.fi\/?cat=1"},{"label":"Uudistunut Omakoira-palvelu aukeaa 10.3.","link":"https:\/\/www.showlinkshow.fi\/?p=4843"}],"_links":{"self":[{"href":"https:\/\/www.showlinkshow.fi\/index.php?rest_route=\/wp\/v2\/posts\/4843","targetHints":{"allow":["GET"]}}],"collection":[{"href":"https:\/\/www.showlinkshow.fi\/index.php?rest_route=\/wp\/v2\/posts"}],"about":[{"href":"https:\/\/www.showlinkshow.fi\/index.php?rest_route=\/wp\/v2\/types\/post"}],"author":[{"embeddable":true,"href":"https:\/\/www.showlinkshow.fi\/index.php?rest_route=\/wp\/v2\/users\/1"}],"replies":[{"embeddable":true,"href":"https:\/\/www.showlinkshow.fi\/index.php?rest_route=%2Fwp%2Fv2%2Fcomments&post=4843"}],"version-history":[{"count":2,"href":"https:\/\/www.showlinkshow.fi\/index.php?rest_route=\/wp\/v2\/posts\/4843\/revisions"}],"predecessor-version":[{"id":5021,"href":"https:\/\/www.showlinkshow.fi\/index.php?rest_route=\/wp\/v2\/posts\/4843\/revisions\/5021"}],"wp:featuredmedia":[{"embeddable":true,"href":"https:\/\/www.showlinkshow.fi\/index.php?rest_route=\/wp\/v2\/media\/2887"}],"wp:attachment":[{"href":"https:\/\/www.showlinkshow.fi\/index.php?rest_route=%2Fwp%2Fv2%2Fmedia&parent=4843"}],"wp:term":[{"taxonomy":"category","embeddable":true,"href":"https:\/\/www.showlinkshow.fi\/index.php?rest_route=%2Fwp%2Fv2%2Fcategories&post=4843"},{"taxonomy":"post_tag","embeddable":true,"href":"https:\/\/www.showlinkshow.fi\/index.php?rest_route=%2Fwp%2Fv2%2Ftags&post=4843"}],"curies":[{"name":"wp","href":"https:\/\/api.w.org\/{rel}","templated":true}]}}